{"id":65170,"date":"2024-06-13T09:08:00","date_gmt":"2024-06-13T12:08:00","guid":{"rendered":"https:\/\/festivaldevitoria.com.br\/31fv\/?p=65170"},"modified":"2024-08-08T11:58:26","modified_gmt":"2024-08-08T14:58:26","slug":"13a-mostra-foco-capixaba-t-rex-e-a-pedra-lascada-promove-encontros-familiares-para-tratar-de-questoes-ambientais","status":"publish","type":"post","link":"https:\/\/festivaldevitoria.com.br\/31fv\/2024\/06\/13\/13a-mostra-foco-capixaba-t-rex-e-a-pedra-lascada-promove-encontros-familiares-para-tratar-de-questoes-ambientais\/","title":{"rendered":"13\u00aa Mostra Foco Capixaba: T-Rex e a Pedra Lascada promove encontros familiares para tratar de quest\u00f5es ambientais"},"content":{"rendered":"\n<p class=\"wp-block-paragraph\">\u201cUm filme para ressignificar nossa rela\u00e7\u00e3o com a natureza e com o futuro\u201d. \u00c9 assim que o diretor Lu\u00e3 \u00c9riclis define o filme <strong>T-Rex e a Pedra Lascada<\/strong>. Ali\u00e1s, um dos pensamentos do realizador quando teve a ideia, foi: \u201ce se fosse poss\u00edvel despertar esse dinossauro? No cinema tudo \u00e9 poss\u00edvel\u201d. O curta-metragem ser\u00e1 exibido na <strong>13\u00aa Mostra Foco Capixaba<\/strong>, que acontece no dia 20 de julho, \u00e0s 19 horas, no Teatro Gl\u00f3ria, Sesc Gl\u00f3ria.\u00a0A sess\u00e3o faz parte da programa\u00e7\u00e3o do 31\u00ba Festival Cinema de Vit\u00f3ria, que acontece de 20 a 25 de julho, na cidade de Vit\u00f3ria.<\/p>\n\n\n\n<p class=\"wp-block-paragraph\">\u201c\u00c9 um filme que explode em vida, \u00e9 pulsante! \u00c9 um filme para ressignificar nossa rela\u00e7\u00e3o com a natureza e com o futuro. Mas para mim, foi uma oportunidade de enxergar a vida e ver em cores. \u00c9 uma obra que traz esperan\u00e7a em cada olhar representado ali em tela. O cinema honrou a minha fam\u00edlia em vida, e abriu um portal espiritual evidenciando que, de fato, os sonhos nunca morrem\u201d, afirma o diretor.<\/p>\n\n\n\n<p class=\"wp-block-paragraph\">Como sugere o t\u00edtulo do filme, o T-Rex \u00e9 o protagonista do filme. O dinossauro funciona como met\u00e1fora para falar de quest\u00f5es de preserva\u00e7\u00e3o do meio ambiente. \u201cCerto dia, banhando no rio parei para observar a figura na raiz de uma gameleira e imerso no som da floresta me deixei levar, fechei os olhos e aflorei meus sentidos, escutei o que o T-Rex queria me contar\u201d, explica o diretor que complementa: \u201c\u00c9 um presente dos encantados da mata atl\u00e2ntica para Jo\u00e3o Neiva, um guardi\u00e3o do rio, um esp\u00edrito da floresta\u201d.<\/p>\n\n\n\n<p class=\"wp-block-paragraph\">Sobre a ideia do curta, Lu\u00e3 explica que pensou na vontade de colocar em tela suas urg\u00eancias sobre as quest\u00f5es ambientais. \u201cA sa\u00fade do rio piraque-a\u00e7\u00fa, a vida na mata ciliar, o afeto da minha fam\u00edlia, minhas ra\u00edzes no congo, a fantasia e os encantados. Veio na perspectiva de plantar sonhos nas crian\u00e7as, empoderar as mais velhas, colidir os imagin\u00e1rios de passado, presente e futuro\u201d.&nbsp;<\/p>\n\n\n\n<p class=\"wp-block-paragraph\">O curta-metragem tamb\u00e9m tem um la\u00e7o afetivo para o diretor, que divide a cena com sua fam\u00edlia. \u201cO elenco do filme \u00e9 formado por meus familiares, minha m\u00e3e, minha irm\u00e3 mais nova, sobrinhos, tios, tias, primos e afilhados. Perdi minha irm\u00e3 do meio, bem no in\u00edcio de todo o processo de roteiro, ent\u00e3o a produ\u00e7\u00e3o foi uma oportunidade de nos aglutinar novamente. Nossa fam\u00edlia tem esse h\u00e1bito ruim de se reunir somente quando a morte conta uma hist\u00f3ria. Por isso, realizar esse filme foi o nosso processo coletivo de cura, de entender o luto em outras facetas e mais ainda, descobrir que o cinema pode nos tornar eternos\u201d.<\/p>\n\n\n\n<h4 class=\"wp-block-heading\"><strong>31\u00ba FCV<\/strong><\/h4>\n\n\n\n<p class=\"wp-block-paragraph\">De 20 a 25 de julho, acontece a <strong>31\u00aa<\/strong> edi\u00e7\u00e3o do <strong>Festival de Cinema de Vit\u00f3ria<\/strong>, que apresentar\u00e1 a safra atual e in\u00e9dita do cinema brasileiro. Al\u00e9m das exibi\u00e7\u00f5es nas mostras competitivas, o evento contar\u00e1 com lan\u00e7amentos de filmes, debates, forma\u00e7\u00f5es e homenagens que transformar\u00e3o a cidade de Vit\u00f3ria na capital do cinema brasileiro. Toda programa\u00e7\u00e3o \u00e9 gratuita.<\/p>\n\n\n\n<p class=\"wp-block-paragraph\">O <strong>31\u00ba Festival de Cinema de Vit\u00f3ria<\/strong> conta com o patroc\u00ednio master do <strong>Instituto Cultural Vale<\/strong> atrav\u00e9s da <strong>Lei de Incentivo \u00e0 Cultura, Minist\u00e9rio da Cultura <\/strong>e o<strong> <\/strong>patroc\u00ednio da ArcelorMittal atrav\u00e9s da <strong>Lei de Incentivo \u00e0 Cultura Capixaba<\/strong>, <strong>Secretaria da Cultura do Esp\u00edrito Santo<\/strong>. Conta tamb\u00e9m com o apoio da <strong>Rede Gazeta,<\/strong> do <strong>Canal Brasil <\/strong>e da <strong>Carla Buaiz J\u00f3ias<\/strong>. A realiza\u00e7\u00e3o \u00e9 da <strong>Galp\u00e3o Produ\u00e7\u00f5es<\/strong> e do <strong>Instituto Brasil de Cultura e Arte <\/strong>(<strong>IBCA<\/strong>).<\/p>\n","protected":false},"excerpt":{"rendered":"<p>\u201cUm filme para ressignificar nossa rela\u00e7\u00e3o com a natureza e com o futuro\u201d. \u00c9 assim que o diretor Lu\u00e3 \u00c9riclis define o filme T-Rex e a Pedra Lascada. Ali\u00e1s, um dos pensamentos do realizador quando teve a ideia, foi: \u201ce se fosse poss\u00edvel despertar esse dinossauro? No cinema tudo \u00e9 poss\u00edvel\u201d. O curta-metragem ser\u00e1 exibido [&hellip;]<\/p>\n","protected":false},"author":2,"featured_media":65173,"comment_status":"open","ping_status":"open","sticky":false,"template":"","format":"standard","meta":{"_et_pb_use_builder":"","_et_pb_old_content":"","_et_gb_content_width":"","footnotes":""},"categories":[75,3],"tags":[5,4,14,13,6,11,9],"class_list":["post-65170","post","type-post","status-publish","format-standard","has-post-thumbnail","hentry","category-13a-mostra-foco-capixaba","category-noticias","tag-31o-fcv","tag-31o-festival-de-cinema-de-vitoria","tag-audiovisual","tag-cinema","tag-fcv","tag-festival-de-cinema-de-vitoria","tag-festival-de-vitoria"],"_links":{"self":[{"href":"https:\/\/festivaldevitoria.com.br\/31fv\/wp-json\/wp\/v2\/posts\/65170","targetHints":{"allow":["GET"]}}],"collection":[{"href":"https:\/\/festivaldevitoria.com.br\/31fv\/wp-json\/wp\/v2\/posts"}],"about":[{"href":"https:\/\/festivaldevitoria.com.br\/31fv\/wp-json\/wp\/v2\/types\/post"}],"author":[{"embeddable":true,"href":"https:\/\/festivaldevitoria.com.br\/31fv\/wp-json\/wp\/v2\/users\/2"}],"replies":[{"embeddable":true,"href":"https:\/\/festivaldevitoria.com.br\/31fv\/wp-json\/wp\/v2\/comments?post=65170"}],"version-history":[{"count":3,"href":"https:\/\/festivaldevitoria.com.br\/31fv\/wp-json\/wp\/v2\/posts\/65170\/revisions"}],"predecessor-version":[{"id":66387,"href":"https:\/\/festivaldevitoria.com.br\/31fv\/wp-json\/wp\/v2\/posts\/65170\/revisions\/66387"}],"wp:featuredmedia":[{"embeddable":true,"href":"https:\/\/festivaldevitoria.com.br\/31fv\/wp-json\/wp\/v2\/media\/65173"}],"wp:attachment":[{"href":"https:\/\/festivaldevitoria.com.br\/31fv\/wp-json\/wp\/v2\/media?parent=65170"}],"wp:term":[{"taxonomy":"category","embeddable":true,"href":"https:\/\/festivaldevitoria.com.br\/31fv\/wp-json\/wp\/v2\/categories?post=65170"},{"taxonomy":"post_tag","embeddable":true,"href":"https:\/\/festivaldevitoria.com.br\/31fv\/wp-json\/wp\/v2\/tags?post=65170"}],"curies":[{"name":"wp","href":"https:\/\/api.w.org\/{rel}","templated":true}]}}